{"id":706,"date":"2022-05-12T09:06:02","date_gmt":"2022-05-12T14:06:02","guid":{"rendered":"https:\/\/novelagrafica.co\/?p=706"},"modified":"2022-05-12T09:22:35","modified_gmt":"2022-05-12T14:22:35","slug":"un-diagramador-con-estilo-o-un-corrector-con-diseno-parte-11","status":"publish","type":"post","link":"https:\/\/novelagrafica.co\/?p=706","title":{"rendered":"\u00bfUn diagramador con estilo o un corrector con dise\u00f1o? (parte 1)[1]"},"content":{"rendered":"\n<hr class=\"wp-block-separator\"\/>\n\n\n\n<h2 class=\"has-text-align-center wp-block-heading\"><strong>Por: Wilman Stick Prieto Boh\u00f3rquez<\/strong><\/h2>\n\n\n\n<p><em>\u201cLa cultura no es acumulaci\u00f3n de saber sino discriminaci\u00f3n, no hay educaci\u00f3n sino desorden mental&#8221;.<\/em><\/p>\n\n\n\n<p><em>Umberto Eco.<\/em><\/p>\n\n\n\n<h3 class=\"wp-block-heading\">Resumen<\/h3>\n\n\n\n<p>En el proceso editorial confluyen dos actores fundamentales: el corrector del estilo y el dise\u00f1ador, los cuales realizan tareas espec\u00edficas en la edici\u00f3n de una publicaci\u00f3n; la problem\u00e1tica surge cuando estas actividades se entrecruzan o solapan, por ejemplo, en el momento que el corrector entrega el texto original o las pruebas impresas con ajustes representados con signos ortotipogr\u00e1ficos y el dise\u00f1ador manifiesta dudas o confusi\u00f3n en la implementaci\u00f3n de dichas correcciones a la ret\u00edcula en la diagramaci\u00f3n; por consiguiente, esta ponencia evidencia la necesidad de integrar el dise\u00f1o con la correcci\u00f3n de estilo o viceversa y aborda los roles en el proceso editorial, las semejanzas en sus actividades y expone una manera acad\u00e9mica (en el marco de un diplomado), como actualmente se integraron estas dos \u00e1reas del proceso editorial.<\/p>\n\n\n\n<h3 class=\"wp-block-heading\">Palabras clave<\/h3>\n\n\n\n<p>Proceso editorial, correcci\u00f3n de estilo y de pruebas, dise\u00f1ador, diagramador, tipograf\u00eda y publicaci\u00f3n.<\/p>\n\n\n\n<h3 class=\"wp-block-heading\">Abstract<\/h3>\n\n\n\n<p>There are two main actors in the Writing-Publishing Process, the Proofreader and the Designer. Both perform specific tasks during the edition of a publication. However, problems may arise when the editor suggests adjustments related to Typographical Syntax (Orthotypography) when having the original text or printed drafts whereas the designer manifests doubts or confusions in the implementation of such corrections to the diagram design. Therefore, this paper attempts to highlight the need to integrate Proof-reading to the Design discipline. It also addresses the roles within the Writing-Publishing Process, its similarities and the academic application I am currently using to integrate these two areas of the writing process.<\/p>\n\n\n\n<h3 class=\"wp-block-heading\">Keyworks<\/h3>\n\n\n\n<p>Writing-Publishing Process, Proofreader, Designer, Diagram Designer, Typography and publication.<\/p>\n\n\n\n<h3 class=\"wp-block-heading\">Introducci\u00f3n<\/h3>\n\n\n\n<p>Hace unos a\u00f1os al fundar una empresa de dise\u00f1o<a href=\"#_ftn2\">[2]<\/a> y trabajar de manera sistem\u00e1tica en diagramaci\u00f3n, ilustraci\u00f3n y producci\u00f3n de libros para diferentes clientes, nos surgi\u00f3 la necesidad de conocer a fondo cada paso del proceso editorial y, principalmente, la correcci\u00f3n de estilo de originales o pruebas, es decir, buscamos entender el momento posterior a la generaci\u00f3n del texto (por el autor o el traductor) en el cual el corrector de estilo nos entregaba el original <em>tipeado<\/em> para diagramar o nos revisaba las pruebas (impreso con el dise\u00f1o establecido por el manual o libro de estilo), con una serie de ajustes textuales, gramaticales y signos ortotipogr\u00e1ficos (ver figura 1) que generaban duda y confusi\u00f3n o atiborraban el texto y las m\u00e1rgenes. De manera que, la implementaci\u00f3n de dichas enmiendas y otras incoherencias presentaban un desaf\u00edo para la organizaci\u00f3n final de los textos en las ret\u00edculas por parte del diagramador, entonces: \u00bfDise\u00f1adores o diagramadores debemos integrar la correcci\u00f3n de estilo para optimizar el proceso editorial y la propia labor? \u00bfEstamos avanzando hacia un diagramador con estilo o un corrector con dise\u00f1o? En consecuencia, tomando la afirmaci\u00f3n de Rodolfo de Roux 1997: \u201cpartimos de un saber que, en buena parte, es ignorancia\u201d (p. 13), la decisi\u00f3n inicial fue el estudio acad\u00e9mico de la correcci\u00f3n de estilo y obtener la experiencia para descifrar dicha actividad en la intervenci\u00f3n de los textos e integrarla al dise\u00f1o y diagramaci\u00f3n.<\/p>\n\n\n\n<figure class=\"wp-block-image size-large\"><img loading=\"lazy\" decoding=\"async\" width=\"1024\" height=\"927\" src=\"https:\/\/novelagrafica.co\/wp-content\/uploads\/2022\/05\/signos-para-corregir-pruebas-1-1024x927.webp\" alt=\"\" class=\"wp-image-707\" srcset=\"https:\/\/novelagrafica.co\/wp-content\/uploads\/2022\/05\/signos-para-corregir-pruebas-1-1024x927.webp 1024w, https:\/\/novelagrafica.co\/wp-content\/uploads\/2022\/05\/signos-para-corregir-pruebas-1-300x271.webp 300w, https:\/\/novelagrafica.co\/wp-content\/uploads\/2022\/05\/signos-para-corregir-pruebas-1-768x695.webp 768w, https:\/\/novelagrafica.co\/wp-content\/uploads\/2022\/05\/signos-para-corregir-pruebas-1-600x543.webp 600w, https:\/\/novelagrafica.co\/wp-content\/uploads\/2022\/05\/signos-para-corregir-pruebas-1.webp 1063w\" sizes=\"auto, (max-width: 1024px) 100vw, 1024px\" \/><figcaption>Figura 1. Signos ortotipogr\u00e1ficos. Material entregado en el Diplomado de edici\u00f3n y correcci\u00f3n de estilo.<\/figcaption><\/figure>\n\n\n\n<p>Acorde con lo anterior, vamos a desarrollar la ponencia se\u00f1alando algunas consideraciones del quehacer del corrector de estilo, del dise\u00f1ador y del diagramador, despu\u00e9s realizamos un s\u00edmil entre las actividades del corrector y el dise\u00f1ador a partir de ciertas complejidades del proceso editorial y, por \u00faltimo, expondremos la aplicaci\u00f3n a nivel acad\u00e9mico en el diplomado de edici\u00f3n y correcci\u00f3n de estilo de la Universidad Nacional de Colombia, con la inclusi\u00f3n del dise\u00f1o y la diagramaci\u00f3n.<\/p>\n\n\n\n<h3 class=\"wp-block-heading\">Labor del corrector<\/h3>\n\n\n\n<p>Desde la etimolog\u00eda, la palabra corrector viene del lat\u00edn <em>corrector<\/em> y significa el que endereza, el que se\u00f1ala errores o los arregla; adem\u00e1s, como lo plantea (Valle, 2001) las palabras corrector y correcci\u00f3n se derivan respectivamente de las latinas <em>corrector<\/em> y <em>correctio<\/em>. Estas, a su vez provienen de <em>corrigo<\/em> (yo corrijo) que es un compuesto de <em>cum<\/em> y <em>rego<\/em>; y esta \u00faltima proviene, seg\u00fan unos, de <em>re-ago<\/em> (contracci\u00f3n de <em>recte-ago<\/em>, es decir, yo obro rectamente) y, seg\u00fan otros, de la palabra hebrea <em>raga<\/em> (yo apaciento). Seg\u00fan esto, el corrector (<em>cum-rector<\/em>) es el que dirige, ordena, enmienda y perfecciona una obra de acuerdo con el que la ha producido.<\/p>\n\n\n\n<p>&nbsp;&nbsp;&nbsp; A su vez, la actividad de correcci\u00f3n de estilo es la operaci\u00f3n que efect\u00faa el corrector de estilo sobre el original. En ella influyen dos complejidades: el fondo y la forma. El fondo es el sentido, la trama o argumento, la ilaci\u00f3n o el contexto, es la parte m\u00e1s importante de este quehacer. El corrector de estilo debe seguir fielmente el desarrollo del argumento, sea este literario, cient\u00edfico o art\u00edstico, a fin de que no haya irregularidades o contradicciones. Si se trata de una traducci\u00f3n, este debe reflejar fielmente el original extranjero. \u00cdntimamente ligada al fondo se halla la forma, en otras palabras, el modo de expresar, la gr\u00e1fica de las voces; en esencia: la gram\u00e1tica.<\/p>\n\n\n\n<p>&nbsp;&nbsp;&nbsp; El oficio del corrector es fundamental en el proceso de edici\u00f3n de una pieza impresa o interactiva, pues de la coherencia de sus ajustes y sugerencias en los textos originales (eliminar las faltas ortogr\u00e1ficas, aclarar p\u00e1rrafos oscuros, dar uniformidad a la obra, entre otros) depender\u00e1 el trabajo posterior de dise\u00f1o y diagramaci\u00f3n para representar el escrito con la composici\u00f3n m\u00e1s \u00f3ptima; as\u00ed mismo, la correcci\u00f3n de pruebas, revisi\u00f3n sobre el dise\u00f1o y la diagramaci\u00f3n (ver figura 2), es importante para dar un nivel de calidad y pureza tanto en el idioma como con su correspondencia gr\u00e1fica; por tanto, algunas recomendaciones para el corrector de pruebas (que en algunas editoriales es diferente al corrector de estilo) como lo sugiere (Valle, 2001), son:<\/p>\n\n\n\n<div class=\"wp-block-image\"><figure class=\"aligncenter size-full\"><img loading=\"lazy\" decoding=\"async\" width=\"800\" height=\"532\" src=\"https:\/\/novelagrafica.co\/wp-content\/uploads\/2022\/05\/analiza-resuelve-1.png\" alt=\"\" class=\"wp-image-709\" srcset=\"https:\/\/novelagrafica.co\/wp-content\/uploads\/2022\/05\/analiza-resuelve-1.png 800w, https:\/\/novelagrafica.co\/wp-content\/uploads\/2022\/05\/analiza-resuelve-1-300x200.png 300w, https:\/\/novelagrafica.co\/wp-content\/uploads\/2022\/05\/analiza-resuelve-1-768x511.png 768w, https:\/\/novelagrafica.co\/wp-content\/uploads\/2022\/05\/analiza-resuelve-1-600x399.png 600w\" sizes=\"auto, (max-width: 800px) 100vw, 800px\" \/><figcaption>Figura 2. Ejemplo de correcci\u00f3n de pruebas de un texto escolar.<\/figcaption><\/figure><\/div>\n\n\n\n<hr class=\"wp-block-separator\"\/>\n\n\n\n<ul class=\"wp-block-list\"><li>Buscar instrucciones o detalles en el manual de estilo (del corrector de estilo, editor o director de colecci\u00f3n).<\/li><li>Leer cuidadosamente toda la arquitectura exterior, por ejemplo en un libro: portada, portadilla, lomo, frontispicio, p\u00e1gina de cr\u00e9ditos, cornisas, colof\u00f3n, entre otros.<\/li><li>Verificar la continuidad y la correcta ubicaci\u00f3n del foliado (n\u00fameros de p\u00e1gina).<\/li><li>Comprobar que las \u00faltimas correcciones de galeras (o correcci\u00f3n tipogr\u00e1fica) hayan sido incorporadas y que no se haya modificado el &#8220;entorno&#8221; a causa de ello. Esto es muy posible en la autoedici\u00f3n por computadora, sobre todo si el programa usado est\u00e1 en ingl\u00e9s: hay problemas en los cortes de palabra al final del rengl\u00f3n y cualquier movimiento en una l\u00ednea puede descoyuntar todo un p\u00e1rrafo.<\/li><li>En las \u00e9pocas heroicas de la impresi\u00f3n se llamaban \u201cviudas\u201d las palabras o l\u00edneas muy cortas que quedaban a principio de una p\u00e1gina. Lo mismo pasaba con los subt\u00edtulos que quedaban muy cerca del final de la p\u00e1gina. Otros detalles delicados: se recomienda no permitir que dos o m\u00e1s l\u00edneas terminen con la misma palabra o silaba porque confunde la lectura. M\u00e1s importante es revisar bien los cortes, al final de rengl\u00f3n, de palabras compuestas que lleven guion intermedio sobre todo cuando se quieren destacar prefijos.<\/li><li>Si los t\u00edtulos y subt\u00edtulos han sido cambiados de may\u00fasculas a min\u00fasculas, o viceversa, leerlos todos de nuevo.<\/li><li>Prestar mucha atenci\u00f3n a los tipos y cuerpos de letra, especialmente en los t\u00edtulos y subt\u00edtulos, cuando estos tienen una relaci\u00f3n de jerarqu\u00eda entre s\u00ed. Siempre comparar p\u00e1ginas distantes porque se pierden de vista (y de memoria).<\/li><li>Revisar que todos los cap\u00edtulos (o equivalentes) comiencen a la misma altura de la p\u00e1gina. Si deben ir en p\u00e1gina impar (a la derecha de quien lee), asegurarse de que efectivamente es as\u00ed.<\/li><li>Revisar con triple cuidado el \u00edndice. Que los t\u00edtulos y subt\u00edtulos incluidos coincidan con los del interior del libro (y con su correspondiente n\u00famero de p\u00e1gina).<\/li><li>Si no se lee el texto completo (y si se lee, no est\u00e1 de m\u00e1s) verificar la continuidad de las p\u00e1ginas: \u00faltimas palabras de una con las primeras de la siguiente.<\/li><li>Asegurar la continuidad de p\u00e1rrafos o subt\u00edtulos numerados: 1), 2), 3) o bien a), b), c); que todos, adem\u00e1s, usen el mismo sistema: con par\u00e9ntesis, con punto o con raya. Lo ideal ser\u00eda no mezclar sistemas pero esta es una decisi\u00f3n de la correcci\u00f3n del original.<\/li><li>Suele ser necesario ajustar las p\u00e1ginas del libro a un n\u00famero m\u00faltiplo de 8: 16, 32, 64 (seg\u00fan el tama\u00f1o del libro y, por lo tanto, del papel usado para imprimirlo). Aunque esto es tarea del editor o del director de la colecci\u00f3n, es mejor verificarlo.<\/li><li>Cualquier anomal\u00eda, aunque parezca banal a primera vista, consultarla varias veces e incluso con varias personas. Es preferible ser obsesivo a dejar pasar un error.<\/li><\/ul>\n\n\n\n<p><a href=\"#_ftnref1\" id=\"_ftn1\">[1]<\/a> Ponencia presentada para el Festival de La Imagen 2017 en Manizales, Caldas.<\/p>\n\n\n\n<p><a href=\"#_ftnref2\">[2]<\/a> Itro Graphic E.U. es una industria creativa constituida en el 2005, dedicada al dise\u00f1o gr\u00e1fico, editorial, web, fotograf\u00eda (a\u00e9rea y tour 360\u00ba), v\u00eddeo, sistemas multimedia, proyecciones hologr\u00e1ficas, publicidad e impresi\u00f3n.<\/p>\n","protected":false},"excerpt":{"rendered":"<p>Por: Wilman Stick Prieto Boh\u00f3rquez \u201cLa cultura no es acumulaci\u00f3n de saber sino discriminaci\u00f3n, no hay educaci\u00f3n sino desorden mental&#8221;. Umberto Eco. Resumen En el proceso editorial confluyen dos actores fundamentales: el corrector del estilo y el dise\u00f1ador, los cuales realizan tareas espec\u00edficas en la edici\u00f3n de una publicaci\u00f3n; la problem\u00e1tica surge cuando estas actividades &hellip;<\/p>\n<p class=\"read-more\"> <a class=\"\" href=\"https:\/\/novelagrafica.co\/?p=706\"> <span class=\"screen-reader-text\">\u00bfUn diagramador con estilo o un corrector con dise\u00f1o? (parte 1)[1]<\/span> Leer m\u00e1s &raquo;<\/a><\/p>\n","protected":false},"author":1,"featured_media":615,"comment_status":"closed","ping_status":"closed","sticky":false,"template":"","format":"standard","meta":{"site-sidebar-layout":"default","site-content-layout":"default","ast-global-header-display":"","ast-main-header-display":"","ast-hfb-above-header-display":"","ast-hfb-below-header-display":"","ast-hfb-mobile-header-display":"","site-post-title":"","ast-breadcrumbs-content":"","ast-featured-img":"","footer-sml-layout":"","theme-transparent-header-meta":"","adv-header-id-meta":"","stick-header-meta":"","header-above-stick-meta":"","header-main-stick-meta":"","header-below-stick-meta":"","_joinchat":[],"footnotes":""},"categories":[21],"tags":[],"class_list":["post-706","post","type-post","status-publish","format-standard","has-post-thumbnail","hentry","category-blog"],"yoast_head":"<!-- This site is optimized with the Yoast SEO plugin v19.14 - https:\/\/yoast.com\/wordpress\/plugins\/seo\/ -->\n<title>\u00bfUn diagramador con estilo o un corrector con dise\u00f1o? (parte 1)[1] - Novela gr\u00e1fica<\/title>\n<meta name=\"description\" content=\"Somos una editorial independiente en Bogota, D.C., Colombia. Abierta a diferentes tem\u00e1ticas, proyectos, relatos y publicaciones. Apoyamos el trabajo de autor\u00eda, revisi\u00f3n de contenidos, correcci\u00f3n, tr\u00e1mites legales, concepto gr\u00e1fico, dise\u00f1o, diagramaci\u00f3n, ilustraci\u00f3n, impresi\u00f3n y acabados.\" \/>\n<meta name=\"robots\" content=\"index, follow, max-snippet:-1, max-image-preview:large, max-video-preview:-1\" \/>\n<link rel=\"canonical\" href=\"https:\/\/novelagrafica.co\/?p=706\" \/>\n<meta property=\"og:locale\" content=\"es_ES\" \/>\n<meta property=\"og:type\" content=\"article\" \/>\n<meta property=\"og:title\" content=\"\u00bfUn diagramador con estilo o un corrector con dise\u00f1o? (parte 1)[1] - Novela gr\u00e1fica\" \/>\n<meta property=\"og:description\" content=\"Somos una editorial independiente en Bogota, D.C., Colombia. Abierta a diferentes tem\u00e1ticas, proyectos, relatos y publicaciones. Apoyamos el trabajo de autor\u00eda, revisi\u00f3n de contenidos, correcci\u00f3n, tr\u00e1mites legales, concepto gr\u00e1fico, dise\u00f1o, diagramaci\u00f3n, ilustraci\u00f3n, impresi\u00f3n y acabados.\" \/>\n<meta property=\"og:url\" content=\"https:\/\/novelagrafica.co\/?p=706\" \/>\n<meta property=\"og:site_name\" content=\"Novela gr\u00e1fica\" \/>\n<meta property=\"article:publisher\" content=\"https:\/\/www.facebook.com\/itrographic\/\" \/>\n<meta property=\"article:published_time\" content=\"2022-05-12T14:06:02+00:00\" \/>\n<meta property=\"article:modified_time\" content=\"2022-05-12T14:22:35+00:00\" \/>\n<meta property=\"og:image\" content=\"https:\/\/novelagrafica.co\/wp-content\/uploads\/2022\/05\/Ponencia_Parte1.jpg\" \/>\n\t<meta property=\"og:image:width\" content=\"1200\" \/>\n\t<meta property=\"og:image:height\" content=\"1200\" \/>\n\t<meta property=\"og:image:type\" content=\"image\/jpeg\" \/>\n<meta name=\"author\" content=\"adminn\" \/>\n<meta name=\"twitter:card\" content=\"summary_large_image\" \/>\n<meta name=\"twitter:label1\" content=\"Escrito por\" \/>\n\t<meta name=\"twitter:data1\" content=\"adminn\" \/>\n\t<meta name=\"twitter:label2\" content=\"Tiempo estimado de lectura\" \/>\n\t<meta name=\"twitter:data2\" content=\"8 minutos\" \/>\n<script type=\"application\/ld+json\" class=\"yoast-schema-graph\">{\"@context\":\"https:\/\/schema.org\",\"@graph\":[{\"@type\":\"Article\",\"@id\":\"https:\/\/novelagrafica.co\/?p=706#article\",\"isPartOf\":{\"@id\":\"https:\/\/novelagrafica.co\/?p=706\"},\"author\":{\"name\":\"adminn\",\"@id\":\"https:\/\/novelagrafica.co\/#\/schema\/person\/5278e626af7f3842e9581ef39811de68\"},\"headline\":\"\u00bfUn diagramador con estilo o un corrector con dise\u00f1o? (parte 1)[1]\",\"datePublished\":\"2022-05-12T14:06:02+00:00\",\"dateModified\":\"2022-05-12T14:22:35+00:00\",\"mainEntityOfPage\":{\"@id\":\"https:\/\/novelagrafica.co\/?p=706\"},\"wordCount\":1634,\"publisher\":{\"@id\":\"https:\/\/novelagrafica.co\/#organization\"},\"articleSection\":[\"Blog\"],\"inLanguage\":\"es-CO\"},{\"@type\":\"WebPage\",\"@id\":\"https:\/\/novelagrafica.co\/?p=706\",\"url\":\"https:\/\/novelagrafica.co\/?p=706\",\"name\":\"\u00bfUn diagramador con estilo o un corrector con dise\u00f1o? (parte 1)[1] - Novela gr\u00e1fica\",\"isPartOf\":{\"@id\":\"https:\/\/novelagrafica.co\/#website\"},\"datePublished\":\"2022-05-12T14:06:02+00:00\",\"dateModified\":\"2022-05-12T14:22:35+00:00\",\"description\":\"Somos una editorial independiente en Bogota, D.C., Colombia. Abierta a diferentes tem\u00e1ticas, proyectos, relatos y publicaciones. Apoyamos el trabajo de autor\u00eda, revisi\u00f3n de contenidos, correcci\u00f3n, tr\u00e1mites legales, concepto gr\u00e1fico, dise\u00f1o, diagramaci\u00f3n, ilustraci\u00f3n, impresi\u00f3n y acabados.\",\"breadcrumb\":{\"@id\":\"https:\/\/novelagrafica.co\/?p=706#breadcrumb\"},\"inLanguage\":\"es-CO\",\"potentialAction\":[{\"@type\":\"ReadAction\",\"target\":[\"https:\/\/novelagrafica.co\/?p=706\"]}]},{\"@type\":\"BreadcrumbList\",\"@id\":\"https:\/\/novelagrafica.co\/?p=706#breadcrumb\",\"itemListElement\":[{\"@type\":\"ListItem\",\"position\":1,\"name\":\"Inicio\",\"item\":\"https:\/\/novelagrafica.co\/\"},{\"@type\":\"ListItem\",\"position\":2,\"name\":\"\u00bfUn diagramador con estilo o un corrector con dise\u00f1o? (parte 1)[1]\"}]},{\"@type\":\"WebSite\",\"@id\":\"https:\/\/novelagrafica.co\/#website\",\"url\":\"https:\/\/novelagrafica.co\/\",\"name\":\"Novela gr\u00e1fica\",\"description\":\"Novelas gr\u00e1ficas - Libros ilustrados\",\"publisher\":{\"@id\":\"https:\/\/novelagrafica.co\/#organization\"},\"potentialAction\":[{\"@type\":\"SearchAction\",\"target\":{\"@type\":\"EntryPoint\",\"urlTemplate\":\"https:\/\/novelagrafica.co\/?s={search_term_string}\"},\"query-input\":\"required name=search_term_string\"}],\"inLanguage\":\"es-CO\"},{\"@type\":\"Organization\",\"@id\":\"https:\/\/novelagrafica.co\/#organization\",\"name\":\"Novela gr\u00e1fica\",\"url\":\"https:\/\/novelagrafica.co\/\",\"logo\":{\"@type\":\"ImageObject\",\"inLanguage\":\"es-CO\",\"@id\":\"https:\/\/novelagrafica.co\/#\/schema\/logo\/image\/\",\"url\":\"https:\/\/novelagrafica.co\/wp-content\/uploads\/2022\/05\/Logo-Novela-2-e1652333114271.png\",\"contentUrl\":\"https:\/\/novelagrafica.co\/wp-content\/uploads\/2022\/05\/Logo-Novela-2-e1652333114271.png\",\"width\":100,\"height\":94,\"caption\":\"Novela gr\u00e1fica\"},\"image\":{\"@id\":\"https:\/\/novelagrafica.co\/#\/schema\/logo\/image\/\"},\"sameAs\":[\"https:\/\/www.instagram.com\/itro_graphic\/\",\"https:\/\/www.linkedin.com\/company\/itro-graphic\/\",\"https:\/\/www.facebook.com\/itrographic\/\"]},{\"@type\":\"Person\",\"@id\":\"https:\/\/novelagrafica.co\/#\/schema\/person\/5278e626af7f3842e9581ef39811de68\",\"name\":\"adminn\",\"image\":{\"@type\":\"ImageObject\",\"inLanguage\":\"es-CO\",\"@id\":\"https:\/\/novelagrafica.co\/#\/schema\/person\/image\/\",\"url\":\"https:\/\/secure.gravatar.com\/avatar\/f110e6dd32d1e03afbb16b9b13e93837d8cbd5048d8c886d9a41a3c89163d49a?s=96&d=mm&r=g\",\"contentUrl\":\"https:\/\/secure.gravatar.com\/avatar\/f110e6dd32d1e03afbb16b9b13e93837d8cbd5048d8c886d9a41a3c89163d49a?s=96&d=mm&r=g\",\"caption\":\"adminn\"},\"sameAs\":[\"https:\/\/novelagrafica.co\"],\"url\":\"https:\/\/novelagrafica.co\/?author=1\"}]}<\/script>\n<!-- \/ Yoast SEO plugin. -->","yoast_head_json":{"title":"\u00bfUn diagramador con estilo o un corrector con dise\u00f1o? (parte 1)[1] - Novela gr\u00e1fica","description":"Somos una editorial independiente en Bogota, D.C., Colombia. Abierta a diferentes tem\u00e1ticas, proyectos, relatos y publicaciones. Apoyamos el trabajo de autor\u00eda, revisi\u00f3n de contenidos, correcci\u00f3n, tr\u00e1mites legales, concepto gr\u00e1fico, dise\u00f1o, diagramaci\u00f3n, ilustraci\u00f3n, impresi\u00f3n y acabados.","robots":{"index":"index","follow":"follow","max-snippet":"max-snippet:-1","max-image-preview":"max-image-preview:large","max-video-preview":"max-video-preview:-1"},"canonical":"https:\/\/novelagrafica.co\/?p=706","og_locale":"es_ES","og_type":"article","og_title":"\u00bfUn diagramador con estilo o un corrector con dise\u00f1o? (parte 1)[1] - Novela gr\u00e1fica","og_description":"Somos una editorial independiente en Bogota, D.C., Colombia. Abierta a diferentes tem\u00e1ticas, proyectos, relatos y publicaciones. Apoyamos el trabajo de autor\u00eda, revisi\u00f3n de contenidos, correcci\u00f3n, tr\u00e1mites legales, concepto gr\u00e1fico, dise\u00f1o, diagramaci\u00f3n, ilustraci\u00f3n, impresi\u00f3n y acabados.","og_url":"https:\/\/novelagrafica.co\/?p=706","og_site_name":"Novela gr\u00e1fica","article_publisher":"https:\/\/www.facebook.com\/itrographic\/","article_published_time":"2022-05-12T14:06:02+00:00","article_modified_time":"2022-05-12T14:22:35+00:00","og_image":[{"width":1200,"height":1200,"url":"https:\/\/novelagrafica.co\/wp-content\/uploads\/2022\/05\/Ponencia_Parte1.jpg","type":"image\/jpeg"}],"author":"adminn","twitter_card":"summary_large_image","twitter_misc":{"Escrito por":"adminn","Tiempo estimado de lectura":"8 minutos"},"schema":{"@context":"https:\/\/schema.org","@graph":[{"@type":"Article","@id":"https:\/\/novelagrafica.co\/?p=706#article","isPartOf":{"@id":"https:\/\/novelagrafica.co\/?p=706"},"author":{"name":"adminn","@id":"https:\/\/novelagrafica.co\/#\/schema\/person\/5278e626af7f3842e9581ef39811de68"},"headline":"\u00bfUn diagramador con estilo o un corrector con dise\u00f1o? (parte 1)[1]","datePublished":"2022-05-12T14:06:02+00:00","dateModified":"2022-05-12T14:22:35+00:00","mainEntityOfPage":{"@id":"https:\/\/novelagrafica.co\/?p=706"},"wordCount":1634,"publisher":{"@id":"https:\/\/novelagrafica.co\/#organization"},"articleSection":["Blog"],"inLanguage":"es-CO"},{"@type":"WebPage","@id":"https:\/\/novelagrafica.co\/?p=706","url":"https:\/\/novelagrafica.co\/?p=706","name":"\u00bfUn diagramador con estilo o un corrector con dise\u00f1o? (parte 1)[1] - Novela gr\u00e1fica","isPartOf":{"@id":"https:\/\/novelagrafica.co\/#website"},"datePublished":"2022-05-12T14:06:02+00:00","dateModified":"2022-05-12T14:22:35+00:00","description":"Somos una editorial independiente en Bogota, D.C., Colombia. Abierta a diferentes tem\u00e1ticas, proyectos, relatos y publicaciones. Apoyamos el trabajo de autor\u00eda, revisi\u00f3n de contenidos, correcci\u00f3n, tr\u00e1mites legales, concepto gr\u00e1fico, dise\u00f1o, diagramaci\u00f3n, ilustraci\u00f3n, impresi\u00f3n y acabados.","breadcrumb":{"@id":"https:\/\/novelagrafica.co\/?p=706#breadcrumb"},"inLanguage":"es-CO","potentialAction":[{"@type":"ReadAction","target":["https:\/\/novelagrafica.co\/?p=706"]}]},{"@type":"BreadcrumbList","@id":"https:\/\/novelagrafica.co\/?p=706#breadcrumb","itemListElement":[{"@type":"ListItem","position":1,"name":"Inicio","item":"https:\/\/novelagrafica.co\/"},{"@type":"ListItem","position":2,"name":"\u00bfUn diagramador con estilo o un corrector con dise\u00f1o? (parte 1)[1]"}]},{"@type":"WebSite","@id":"https:\/\/novelagrafica.co\/#website","url":"https:\/\/novelagrafica.co\/","name":"Novela gr\u00e1fica","description":"Novelas gr\u00e1ficas - Libros ilustrados","publisher":{"@id":"https:\/\/novelagrafica.co\/#organization"},"potentialAction":[{"@type":"SearchAction","target":{"@type":"EntryPoint","urlTemplate":"https:\/\/novelagrafica.co\/?s={search_term_string}"},"query-input":"required name=search_term_string"}],"inLanguage":"es-CO"},{"@type":"Organization","@id":"https:\/\/novelagrafica.co\/#organization","name":"Novela gr\u00e1fica","url":"https:\/\/novelagrafica.co\/","logo":{"@type":"ImageObject","inLanguage":"es-CO","@id":"https:\/\/novelagrafica.co\/#\/schema\/logo\/image\/","url":"https:\/\/novelagrafica.co\/wp-content\/uploads\/2022\/05\/Logo-Novela-2-e1652333114271.png","contentUrl":"https:\/\/novelagrafica.co\/wp-content\/uploads\/2022\/05\/Logo-Novela-2-e1652333114271.png","width":100,"height":94,"caption":"Novela gr\u00e1fica"},"image":{"@id":"https:\/\/novelagrafica.co\/#\/schema\/logo\/image\/"},"sameAs":["https:\/\/www.instagram.com\/itro_graphic\/","https:\/\/www.linkedin.com\/company\/itro-graphic\/","https:\/\/www.facebook.com\/itrographic\/"]},{"@type":"Person","@id":"https:\/\/novelagrafica.co\/#\/schema\/person\/5278e626af7f3842e9581ef39811de68","name":"adminn","image":{"@type":"ImageObject","inLanguage":"es-CO","@id":"https:\/\/novelagrafica.co\/#\/schema\/person\/image\/","url":"https:\/\/secure.gravatar.com\/avatar\/f110e6dd32d1e03afbb16b9b13e93837d8cbd5048d8c886d9a41a3c89163d49a?s=96&d=mm&r=g","contentUrl":"https:\/\/secure.gravatar.com\/avatar\/f110e6dd32d1e03afbb16b9b13e93837d8cbd5048d8c886d9a41a3c89163d49a?s=96&d=mm&r=g","caption":"adminn"},"sameAs":["https:\/\/novelagrafica.co"],"url":"https:\/\/novelagrafica.co\/?author=1"}]}},"_links":{"self":[{"href":"https:\/\/novelagrafica.co\/index.php?rest_route=\/wp\/v2\/posts\/706","targetHints":{"allow":["GET"]}}],"collection":[{"href":"https:\/\/novelagrafica.co\/index.php?rest_route=\/wp\/v2\/posts"}],"about":[{"href":"https:\/\/novelagrafica.co\/index.php?rest_route=\/wp\/v2\/types\/post"}],"author":[{"embeddable":true,"href":"https:\/\/novelagrafica.co\/index.php?rest_route=\/wp\/v2\/users\/1"}],"replies":[{"embeddable":true,"href":"https:\/\/novelagrafica.co\/index.php?rest_route=%2Fwp%2Fv2%2Fcomments&post=706"}],"version-history":[{"count":1,"href":"https:\/\/novelagrafica.co\/index.php?rest_route=\/wp\/v2\/posts\/706\/revisions"}],"predecessor-version":[{"id":710,"href":"https:\/\/novelagrafica.co\/index.php?rest_route=\/wp\/v2\/posts\/706\/revisions\/710"}],"wp:featuredmedia":[{"embeddable":true,"href":"https:\/\/novelagrafica.co\/index.php?rest_route=\/wp\/v2\/media\/615"}],"wp:attachment":[{"href":"https:\/\/novelagrafica.co\/index.php?rest_route=%2Fwp%2Fv2%2Fmedia&parent=706"}],"wp:term":[{"taxonomy":"category","embeddable":true,"href":"https:\/\/novelagrafica.co\/index.php?rest_route=%2Fwp%2Fv2%2Fcategories&post=706"},{"taxonomy":"post_tag","embeddable":true,"href":"https:\/\/novelagrafica.co\/index.php?rest_route=%2Fwp%2Fv2%2Ftags&post=706"}],"curies":[{"name":"wp","href":"https:\/\/api.w.org\/{rel}","templated":true}]}}